{"id":16062,"date":"2012-09-20T18:39:11","date_gmt":"2012-09-20T16:39:11","guid":{"rendered":"http:\/\/baeckerei-brunner.it\/ratschings-ridnaun\/?p=16062"},"modified":"2014-11-14T18:47:38","modified_gmt":"2014-11-14T16:47:38","slug":"wettbewerb-im-speckaufschneiden","status":"publish","type":"post","link":"https:\/\/www.baeckerei-brunner.it\/ratschings-ridnaun\/wettbewerb-im-speckaufschneiden\/","title":{"rendered":"Wettbewerb im Speckaufschneiden"},"content":{"rendered":"<p>Im Rahmen der Veranstaltung &#8222;Roter Teppich&#8220; in Sterzing wurde heuer erstmals ein Wettbewerb im Speckaufschneiden ausgetragen. Gewonnen hat Sepp Haller aus Ratschings. Anschlie\u00dfend wurden mit den aufgeschnittenen Scheiben Br\u00f6tchen belegt und verkauft. Der Reinerl\u00f6s ging an die Unwettergesch\u00e4digten in der Gemeinde Pfitsch. Den Speck f\u00fcr den Wettbewerb hat die Firma Viktor Kofler aus Lana und die Roggenbrote haben wir von der B\u00e4ckerei zur Verf\u00fcgung gestellt. Dem B\u00fcrgermeister der Gemeinde Pfitsch konnte der stolze Betrag von Euro 1.675 \u00fcbergeben werden.<\/p>\n","protected":false},"excerpt":{"rendered":"<p>Im Rahmen der Veranstaltung \u201cRoter Teppich\u201d in Sterzing wurde heuer erstmals ein Wettbewerb im Speckaufschneiden ausgetragen.<\/p>\n","protected":false},"author":4,"featured_media":16063,"comment_status":"closed","ping_status":"open","sticky":false,"template":"","format":"standard","meta":{"footnotes":""},"categories":[1],"tags":[],"class_list":["post-16062","post","type-post","status-publish","format-standard","has-post-thumbnail","hentry","category-allgemein"],"_links":{"self":[{"href":"https:\/\/www.baeckerei-brunner.it\/ratschings-ridnaun\/wp-json\/wp\/v2\/posts\/16062","targetHints":{"allow":["GET"]}}],"collection":[{"href":"https:\/\/www.baeckerei-brunner.it\/ratschings-ridnaun\/wp-json\/wp\/v2\/posts"}],"about":[{"href":"https:\/\/www.baeckerei-brunner.it\/ratschings-ridnaun\/wp-json\/wp\/v2\/types\/post"}],"author":[{"embeddable":true,"href":"https:\/\/www.baeckerei-brunner.it\/ratschings-ridnaun\/wp-json\/wp\/v2\/users\/4"}],"replies":[{"embeddable":true,"href":"https:\/\/www.baeckerei-brunner.it\/ratschings-ridnaun\/wp-json\/wp\/v2\/comments?post=16062"}],"version-history":[{"count":2,"href":"https:\/\/www.baeckerei-brunner.it\/ratschings-ridnaun\/wp-json\/wp\/v2\/posts\/16062\/revisions"}],"predecessor-version":[{"id":16070,"href":"https:\/\/www.baeckerei-brunner.it\/ratschings-ridnaun\/wp-json\/wp\/v2\/posts\/16062\/revisions\/16070"}],"wp:featuredmedia":[{"embeddable":true,"href":"https:\/\/www.baeckerei-brunner.it\/ratschings-ridnaun\/wp-json\/wp\/v2\/media\/16063"}],"wp:attachment":[{"href":"https:\/\/www.baeckerei-brunner.it\/ratschings-ridnaun\/wp-json\/wp\/v2\/media?parent=16062"}],"wp:term":[{"taxonomy":"category","embeddable":true,"href":"https:\/\/www.baeckerei-brunner.it\/ratschings-ridnaun\/wp-json\/wp\/v2\/categories?post=16062"},{"taxonomy":"post_tag","embeddable":true,"href":"https:\/\/www.baeckerei-brunner.it\/ratschings-ridnaun\/wp-json\/wp\/v2\/tags?post=16062"}],"curies":[{"name":"wp","href":"https:\/\/api.w.org\/{rel}","templated":true}]}}